{"id":9163,"date":"2020-03-27T12:38:27","date_gmt":"2020-03-27T12:38:27","guid":{"rendered":"https:\/\/uie.org.ar\/?p=9163"},"modified":"2020-03-27T12:38:29","modified_gmt":"2020-03-27T12:38:29","slug":"la-industria-y-el-covid-19","status":"publish","type":"post","link":"https:\/\/uie.org.ar\/index.php\/2020\/03\/27\/la-industria-y-el-covid-19\/","title":{"rendered":"La Industria y el COVID-19"},"content":{"rendered":"\n<p>Teniendo en cuenta los acontecimientos derivados del  COVID-19, desde UIPBA han creado una comisi\u00f3n de propuestas y  seguimiento para canalizar la informaci\u00f3n que brinden las autoridades p\u00fablicas y desarrollar documentos con pedidos para las PyMEs. <\/p>\n\n\n\n<p>Aqu\u00ed el art\u00edculo completo:<br><a href=\"https:\/\/www.uipba.org.ar\/pymi-comercio-y-financiamiento\/la-industria-y-el-covid-19\/\">https:\/\/www.uipba.org.ar\/pymi-comercio-y-financiamiento\/la-industria-y-el-covid-19\/<\/a><\/p>\n\n\n\n<p><\/p>\n\n\n\n<p><\/p>\n","protected":false},"excerpt":{"rendered":"<p>Teniendo en cuenta los acontecimientos derivados del COVID-19, desde UIPBA han creado una comisi\u00f3n de propuestas y seguimiento para canalizar la informaci\u00f3n que brinden las autoridades p\u00fablicas y desarrollar documentos con pedidos para las PyMEs. Aqu\u00ed el art\u00edculo completo:https:\/\/www.uipba.org.ar\/pymi-comercio-y-financiamiento\/la-industria-y-el-covid-19\/<\/p>\n","protected":false},"author":2,"featured_media":9164,"comment_status":"closed","ping_status":"closed","sticky":false,"template":"","format":"standard","meta":{"_joinchat":[],"footnotes":""},"categories":[1],"tags":[148,144,149],"class_list":["post-9163","post","type-post","status-publish","format-standard","has-post-thumbnail","hentry","category-noticias","tag-covid-19","tag-uipba","tag-union-industrial"],"yoast_head":"<!-- This site is optimized with the Yoast SEO plugin v27.3 - https:\/\/yoast.com\/product\/yoast-seo-wordpress\/ -->\n<title>La Industria y el COVID-19 - Uni\u00f3n Industrial de Ezeiza<\/title>\n<meta name=\"robots\" content=\"index, follow, max-snippet:-1, max-image-preview:large, max-video-preview:-1\" \/>\n<link rel=\"canonical\" href=\"https:\/\/uie.org.ar\/index.php\/2020\/03\/27\/la-industria-y-el-covid-19\/\" \/>\n<meta property=\"og:locale\" content=\"es_ES\" \/>\n<meta property=\"og:type\" content=\"article\" \/>\n<meta property=\"og:title\" content=\"La Industria y el COVID-19 - Uni\u00f3n Industrial de Ezeiza\" \/>\n<meta property=\"og:description\" content=\"Teniendo en cuenta los acontecimientos derivados del COVID-19, desde UIPBA han creado una comisi\u00f3n de propuestas y seguimiento para canalizar la informaci\u00f3n que brinden las autoridades p\u00fablicas y desarrollar documentos con pedidos para las PyMEs. Aqu\u00ed el art\u00edculo completo:https:\/\/www.uipba.org.ar\/pymi-comercio-y-financiamiento\/la-industria-y-el-covid-19\/\" \/>\n<meta property=\"og:url\" content=\"https:\/\/uie.org.ar\/index.php\/2020\/03\/27\/la-industria-y-el-covid-19\/\" \/>\n<meta property=\"og:site_name\" content=\"Uni\u00f3n Industrial de Ezeiza\" \/>\n<meta property=\"article:published_time\" content=\"2020-03-27T12:38:27+00:00\" \/>\n<meta property=\"article:modified_time\" content=\"2020-03-27T12:38:29+00:00\" \/>\n<meta property=\"og:image\" content=\"https:\/\/uie.org.ar\/wp-content\/uploads\/2020\/03\/nota-covid.png\" \/>\n\t<meta property=\"og:image:width\" content=\"1280\" \/>\n\t<meta property=\"og:image:height\" content=\"960\" \/>\n\t<meta property=\"og:image:type\" content=\"image\/png\" \/>\n<meta name=\"author\" content=\"Maria Jose\" \/>\n<meta name=\"twitter:card\" content=\"summary_large_image\" \/>\n<meta name=\"twitter:label1\" content=\"Escrito por\" \/>\n\t<meta name=\"twitter:data1\" content=\"Maria Jose\" \/>\n<script type=\"application\/ld+json\" class=\"yoast-schema-graph\">{\"@context\":\"https:\\\/\\\/schema.org\",\"@graph\":[{\"@type\":\"Article\",\"@id\":\"https:\\\/\\\/uie.org.ar\\\/index.php\\\/2020\\\/03\\\/27\\\/la-industria-y-el-covid-19\\\/#article\",\"isPartOf\":{\"@id\":\"https:\\\/\\\/uie.org.ar\\\/index.php\\\/2020\\\/03\\\/27\\\/la-industria-y-el-covid-19\\\/\"},\"author\":{\"name\":\"Maria Jose\",\"@id\":\"https:\\\/\\\/uie.org.ar\\\/#\\\/schema\\\/person\\\/b9f993de7a0ad41bc92ea3304574d056\"},\"headline\":\"La Industria y el COVID-19\",\"datePublished\":\"2020-03-27T12:38:27+00:00\",\"dateModified\":\"2020-03-27T12:38:29+00:00\",\"mainEntityOfPage\":{\"@id\":\"https:\\\/\\\/uie.org.ar\\\/index.php\\\/2020\\\/03\\\/27\\\/la-industria-y-el-covid-19\\\/\"},\"wordCount\":55,\"image\":{\"@id\":\"https:\\\/\\\/uie.org.ar\\\/index.php\\\/2020\\\/03\\\/27\\\/la-industria-y-el-covid-19\\\/#primaryimage\"},\"thumbnailUrl\":\"https:\\\/\\\/uie.org.ar\\\/wp-content\\\/uploads\\\/2020\\\/03\\\/nota-covid.png\",\"keywords\":[\"covid-19\",\"uipba\",\"union industrial\"],\"articleSection\":[\"Noticias\"],\"inLanguage\":\"es\"},{\"@type\":\"WebPage\",\"@id\":\"https:\\\/\\\/uie.org.ar\\\/index.php\\\/2020\\\/03\\\/27\\\/la-industria-y-el-covid-19\\\/\",\"url\":\"https:\\\/\\\/uie.org.ar\\\/index.php\\\/2020\\\/03\\\/27\\\/la-industria-y-el-covid-19\\\/\",\"name\":\"La Industria y el COVID-19 - Uni\u00f3n Industrial de Ezeiza\",\"isPartOf\":{\"@id\":\"https:\\\/\\\/uie.org.ar\\\/#website\"},\"primaryImageOfPage\":{\"@id\":\"https:\\\/\\\/uie.org.ar\\\/index.php\\\/2020\\\/03\\\/27\\\/la-industria-y-el-covid-19\\\/#primaryimage\"},\"image\":{\"@id\":\"https:\\\/\\\/uie.org.ar\\\/index.php\\\/2020\\\/03\\\/27\\\/la-industria-y-el-covid-19\\\/#primaryimage\"},\"thumbnailUrl\":\"https:\\\/\\\/uie.org.ar\\\/wp-content\\\/uploads\\\/2020\\\/03\\\/nota-covid.png\",\"datePublished\":\"2020-03-27T12:38:27+00:00\",\"dateModified\":\"2020-03-27T12:38:29+00:00\",\"author\":{\"@id\":\"https:\\\/\\\/uie.org.ar\\\/#\\\/schema\\\/person\\\/b9f993de7a0ad41bc92ea3304574d056\"},\"breadcrumb\":{\"@id\":\"https:\\\/\\\/uie.org.ar\\\/index.php\\\/2020\\\/03\\\/27\\\/la-industria-y-el-covid-19\\\/#breadcrumb\"},\"inLanguage\":\"es\",\"potentialAction\":[{\"@type\":\"ReadAction\",\"target\":[\"https:\\\/\\\/uie.org.ar\\\/index.php\\\/2020\\\/03\\\/27\\\/la-industria-y-el-covid-19\\\/\"]}]},{\"@type\":\"ImageObject\",\"inLanguage\":\"es\",\"@id\":\"https:\\\/\\\/uie.org.ar\\\/index.php\\\/2020\\\/03\\\/27\\\/la-industria-y-el-covid-19\\\/#primaryimage\",\"url\":\"https:\\\/\\\/uie.org.ar\\\/wp-content\\\/uploads\\\/2020\\\/03\\\/nota-covid.png\",\"contentUrl\":\"https:\\\/\\\/uie.org.ar\\\/wp-content\\\/uploads\\\/2020\\\/03\\\/nota-covid.png\",\"width\":1280,\"height\":960},{\"@type\":\"BreadcrumbList\",\"@id\":\"https:\\\/\\\/uie.org.ar\\\/index.php\\\/2020\\\/03\\\/27\\\/la-industria-y-el-covid-19\\\/#breadcrumb\",\"itemListElement\":[{\"@type\":\"ListItem\",\"position\":1,\"name\":\"Home\",\"item\":\"https:\\\/\\\/uie.org.ar\\\/\"},{\"@type\":\"ListItem\",\"position\":2,\"name\":\"La Industria y el COVID-19\"}]},{\"@type\":\"WebSite\",\"@id\":\"https:\\\/\\\/uie.org.ar\\\/#website\",\"url\":\"https:\\\/\\\/uie.org.ar\\\/\",\"name\":\"Uni\u00f3n Industrial de Ezeiza\",\"description\":\"Sitio oficial de la UIE\",\"potentialAction\":[{\"@type\":\"SearchAction\",\"target\":{\"@type\":\"EntryPoint\",\"urlTemplate\":\"https:\\\/\\\/uie.org.ar\\\/?s={search_term_string}\"},\"query-input\":{\"@type\":\"PropertyValueSpecification\",\"valueRequired\":true,\"valueName\":\"search_term_string\"}}],\"inLanguage\":\"es\"},{\"@type\":\"Person\",\"@id\":\"https:\\\/\\\/uie.org.ar\\\/#\\\/schema\\\/person\\\/b9f993de7a0ad41bc92ea3304574d056\",\"name\":\"Maria Jose\",\"url\":\"https:\\\/\\\/uie.org.ar\\\/index.php\\\/author\\\/majo\\\/\"}]}<\/script>\n<!-- \/ Yoast SEO plugin. -->","yoast_head_json":{"title":"La Industria y el COVID-19 - Uni\u00f3n Industrial de Ezeiza","robots":{"index":"index","follow":"follow","max-snippet":"max-snippet:-1","max-image-preview":"max-image-preview:large","max-video-preview":"max-video-preview:-1"},"canonical":"https:\/\/uie.org.ar\/index.php\/2020\/03\/27\/la-industria-y-el-covid-19\/","og_locale":"es_ES","og_type":"article","og_title":"La Industria y el COVID-19 - Uni\u00f3n Industrial de Ezeiza","og_description":"Teniendo en cuenta los acontecimientos derivados del COVID-19, desde UIPBA han creado una comisi\u00f3n de propuestas y seguimiento para canalizar la informaci\u00f3n que brinden las autoridades p\u00fablicas y desarrollar documentos con pedidos para las PyMEs. Aqu\u00ed el art\u00edculo completo:https:\/\/www.uipba.org.ar\/pymi-comercio-y-financiamiento\/la-industria-y-el-covid-19\/","og_url":"https:\/\/uie.org.ar\/index.php\/2020\/03\/27\/la-industria-y-el-covid-19\/","og_site_name":"Uni\u00f3n Industrial de Ezeiza","article_published_time":"2020-03-27T12:38:27+00:00","article_modified_time":"2020-03-27T12:38:29+00:00","og_image":[{"width":1280,"height":960,"url":"https:\/\/uie.org.ar\/wp-content\/uploads\/2020\/03\/nota-covid.png","type":"image\/png"}],"author":"Maria Jose","twitter_card":"summary_large_image","twitter_misc":{"Escrito por":"Maria Jose"},"schema":{"@context":"https:\/\/schema.org","@graph":[{"@type":"Article","@id":"https:\/\/uie.org.ar\/index.php\/2020\/03\/27\/la-industria-y-el-covid-19\/#article","isPartOf":{"@id":"https:\/\/uie.org.ar\/index.php\/2020\/03\/27\/la-industria-y-el-covid-19\/"},"author":{"name":"Maria Jose","@id":"https:\/\/uie.org.ar\/#\/schema\/person\/b9f993de7a0ad41bc92ea3304574d056"},"headline":"La Industria y el COVID-19","datePublished":"2020-03-27T12:38:27+00:00","dateModified":"2020-03-27T12:38:29+00:00","mainEntityOfPage":{"@id":"https:\/\/uie.org.ar\/index.php\/2020\/03\/27\/la-industria-y-el-covid-19\/"},"wordCount":55,"image":{"@id":"https:\/\/uie.org.ar\/index.php\/2020\/03\/27\/la-industria-y-el-covid-19\/#primaryimage"},"thumbnailUrl":"https:\/\/uie.org.ar\/wp-content\/uploads\/2020\/03\/nota-covid.png","keywords":["covid-19","uipba","union industrial"],"articleSection":["Noticias"],"inLanguage":"es"},{"@type":"WebPage","@id":"https:\/\/uie.org.ar\/index.php\/2020\/03\/27\/la-industria-y-el-covid-19\/","url":"https:\/\/uie.org.ar\/index.php\/2020\/03\/27\/la-industria-y-el-covid-19\/","name":"La Industria y el COVID-19 - Uni\u00f3n Industrial de Ezeiza","isPartOf":{"@id":"https:\/\/uie.org.ar\/#website"},"primaryImageOfPage":{"@id":"https:\/\/uie.org.ar\/index.php\/2020\/03\/27\/la-industria-y-el-covid-19\/#primaryimage"},"image":{"@id":"https:\/\/uie.org.ar\/index.php\/2020\/03\/27\/la-industria-y-el-covid-19\/#primaryimage"},"thumbnailUrl":"https:\/\/uie.org.ar\/wp-content\/uploads\/2020\/03\/nota-covid.png","datePublished":"2020-03-27T12:38:27+00:00","dateModified":"2020-03-27T12:38:29+00:00","author":{"@id":"https:\/\/uie.org.ar\/#\/schema\/person\/b9f993de7a0ad41bc92ea3304574d056"},"breadcrumb":{"@id":"https:\/\/uie.org.ar\/index.php\/2020\/03\/27\/la-industria-y-el-covid-19\/#breadcrumb"},"inLanguage":"es","potentialAction":[{"@type":"ReadAction","target":["https:\/\/uie.org.ar\/index.php\/2020\/03\/27\/la-industria-y-el-covid-19\/"]}]},{"@type":"ImageObject","inLanguage":"es","@id":"https:\/\/uie.org.ar\/index.php\/2020\/03\/27\/la-industria-y-el-covid-19\/#primaryimage","url":"https:\/\/uie.org.ar\/wp-content\/uploads\/2020\/03\/nota-covid.png","contentUrl":"https:\/\/uie.org.ar\/wp-content\/uploads\/2020\/03\/nota-covid.png","width":1280,"height":960},{"@type":"BreadcrumbList","@id":"https:\/\/uie.org.ar\/index.php\/2020\/03\/27\/la-industria-y-el-covid-19\/#breadcrumb","itemListElement":[{"@type":"ListItem","position":1,"name":"Home","item":"https:\/\/uie.org.ar\/"},{"@type":"ListItem","position":2,"name":"La Industria y el COVID-19"}]},{"@type":"WebSite","@id":"https:\/\/uie.org.ar\/#website","url":"https:\/\/uie.org.ar\/","name":"Uni\u00f3n Industrial de Ezeiza","description":"Sitio oficial de la UIE","potentialAction":[{"@type":"SearchAction","target":{"@type":"EntryPoint","urlTemplate":"https:\/\/uie.org.ar\/?s={search_term_string}"},"query-input":{"@type":"PropertyValueSpecification","valueRequired":true,"valueName":"search_term_string"}}],"inLanguage":"es"},{"@type":"Person","@id":"https:\/\/uie.org.ar\/#\/schema\/person\/b9f993de7a0ad41bc92ea3304574d056","name":"Maria Jose","url":"https:\/\/uie.org.ar\/index.php\/author\/majo\/"}]}},"_links":{"self":[{"href":"https:\/\/uie.org.ar\/index.php\/wp-json\/wp\/v2\/posts\/9163","targetHints":{"allow":["GET"]}}],"collection":[{"href":"https:\/\/uie.org.ar\/index.php\/wp-json\/wp\/v2\/posts"}],"about":[{"href":"https:\/\/uie.org.ar\/index.php\/wp-json\/wp\/v2\/types\/post"}],"author":[{"embeddable":true,"href":"https:\/\/uie.org.ar\/index.php\/wp-json\/wp\/v2\/users\/2"}],"replies":[{"embeddable":true,"href":"https:\/\/uie.org.ar\/index.php\/wp-json\/wp\/v2\/comments?post=9163"}],"version-history":[{"count":1,"href":"https:\/\/uie.org.ar\/index.php\/wp-json\/wp\/v2\/posts\/9163\/revisions"}],"predecessor-version":[{"id":9165,"href":"https:\/\/uie.org.ar\/index.php\/wp-json\/wp\/v2\/posts\/9163\/revisions\/9165"}],"wp:featuredmedia":[{"embeddable":true,"href":"https:\/\/uie.org.ar\/index.php\/wp-json\/wp\/v2\/media\/9164"}],"wp:attachment":[{"href":"https:\/\/uie.org.ar\/index.php\/wp-json\/wp\/v2\/media?parent=9163"}],"wp:term":[{"taxonomy":"category","embeddable":true,"href":"https:\/\/uie.org.ar\/index.php\/wp-json\/wp\/v2\/categories?post=9163"},{"taxonomy":"post_tag","embeddable":true,"href":"https:\/\/uie.org.ar\/index.php\/wp-json\/wp\/v2\/tags?post=9163"}],"curies":[{"name":"wp","href":"https:\/\/api.w.org\/{rel}","templated":true}]}}